{"id":10238,"date":"2026-04-29T08:42:00","date_gmt":"2026-04-29T06:42:00","guid":{"rendered":"https:\/\/pug.hr\/gimnazija\/?p=10238"},"modified":"2026-04-29T09:44:19","modified_gmt":"2026-04-29T07:44:19","slug":"sretan-vam-dan-plesa-2","status":"publish","type":"post","link":"https:\/\/pug.hr\/gimnazija\/sretan-vam-dan-plesa-2\/","title":{"rendered":"Sretan vam Dan plesa!"},"content":{"rendered":"\n<p>Danas je svjetski Dan plesa pa Vam ga je na\u0161a plesna radionica odlu\u010dila \u010destitati &#8230; a kako druga\u010dije nego plesom!<\/p>\n\n\n\n<figure class=\"wp-block-embed is-type-video is-provider-youtube wp-block-embed-youtube wp-embed-aspect-9-16 wp-has-aspect-ratio\"><div class=\"wp-block-embed__wrapper\">\n<iframe loading=\"lazy\" title=\"Svjetski dan plesa 2026.\" width=\"422\" height=\"750\" src=\"https:\/\/www.youtube.com\/embed\/rGHkWmJi33I?feature=oembed\" frameborder=\"0\" allow=\"accelerometer; autoplay; clipboard-write; encrypted-media; gyroscope; picture-in-picture; web-share\" referrerpolicy=\"strict-origin-when-cross-origin\" allowfullscreen><\/iframe>\n<\/div><\/figure>\n\n\n\n<p>U\u017eivajte i zaple\u0161ite! Kao da Vas nitko ne gleda!<\/p>\n\n\n\n<p><\/p>\n","protected":false},"excerpt":{"rendered":"<p>Danas je svjetski Dan plesa pa Vam ga je na\u0161a plesna radionica odlu\u010dila&#8230;<\/p>\n","protected":false},"author":1,"featured_media":9401,"comment_status":"closed","ping_status":"open","sticky":false,"template":"","format":"standard","meta":{"ngg_post_thumbnail":0,"jetpack_post_was_ever_published":false,"_jetpack_newsletter_access":"","_jetpack_dont_email_post_to_subs":false,"_jetpack_newsletter_tier_id":0,"_jetpack_memberships_contains_paywalled_content":false,"_jetpack_memberships_contains_paid_content":false,"footnotes":"","jetpack_publicize_message":"","jetpack_publicize_feature_enabled":true,"jetpack_social_post_already_shared":true,"jetpack_social_options":{"image_generator_settings":{"template":"highway","enabled":false},"version":2}},"categories":[1],"tags":[],"class_list":["post-10238","post","type-post","status-publish","format-standard","has-post-thumbnail","hentry","category-uncategorized","wpcat-1-id"],"jetpack_publicize_connections":[],"jetpack_featured_media_url":"https:\/\/pug.hr\/gimnazija\/wp-content\/uploads\/2025\/10\/Ples.jpeg","jetpack_sharing_enabled":true,"jetpack_shortlink":"https:\/\/wp.me\/p2cktY-2F8","_links":{"self":[{"href":"https:\/\/pug.hr\/gimnazija\/wp-json\/wp\/v2\/posts\/10238","targetHints":{"allow":["GET"]}}],"collection":[{"href":"https:\/\/pug.hr\/gimnazija\/wp-json\/wp\/v2\/posts"}],"about":[{"href":"https:\/\/pug.hr\/gimnazija\/wp-json\/wp\/v2\/types\/post"}],"author":[{"embeddable":true,"href":"https:\/\/pug.hr\/gimnazija\/wp-json\/wp\/v2\/users\/1"}],"replies":[{"embeddable":true,"href":"https:\/\/pug.hr\/gimnazija\/wp-json\/wp\/v2\/comments?post=10238"}],"version-history":[{"count":1,"href":"https:\/\/pug.hr\/gimnazija\/wp-json\/wp\/v2\/posts\/10238\/revisions"}],"predecessor-version":[{"id":10239,"href":"https:\/\/pug.hr\/gimnazija\/wp-json\/wp\/v2\/posts\/10238\/revisions\/10239"}],"wp:featuredmedia":[{"embeddable":true,"href":"https:\/\/pug.hr\/gimnazija\/wp-json\/wp\/v2\/media\/9401"}],"wp:attachment":[{"href":"https:\/\/pug.hr\/gimnazija\/wp-json\/wp\/v2\/media?parent=10238"}],"wp:term":[{"taxonomy":"category","embeddable":true,"href":"https:\/\/pug.hr\/gimnazija\/wp-json\/wp\/v2\/categories?post=10238"},{"taxonomy":"post_tag","embeddable":true,"href":"https:\/\/pug.hr\/gimnazija\/wp-json\/wp\/v2\/tags?post=10238"}],"curies":[{"name":"wp","href":"https:\/\/api.w.org\/{rel}","templated":true}]}}