{"id":10189,"date":"2026-04-26T08:42:00","date_gmt":"2026-04-26T06:42:00","guid":{"rendered":"https:\/\/pug.hr\/gimnazija\/?p=10189"},"modified":"2026-04-17T21:22:58","modified_gmt":"2026-04-17T19:22:58","slug":"svjetski-dan-poezije","status":"publish","type":"post","link":"https:\/\/pug.hr\/gimnazija\/svjetski-dan-poezije\/","title":{"rendered":"Svjetski dan poezije"},"content":{"rendered":"\n<p>Svjetski dan poezije obilje\u017eili smo kreativnom radionicom \u201ePoetski laboratorij\u201c. <\/p>\n\n\n\n<figure class=\"wp-block-image size-large is-resized\"><a href=\"https:\/\/pug.hr\/gimnazija\/wp-content\/uploads\/2026\/04\/001-8.jpeg\"><img loading=\"lazy\" decoding=\"async\" width=\"768\" height=\"1024\" src=\"https:\/\/pug.hr\/gimnazija\/wp-content\/uploads\/2026\/04\/001-8-768x1024.jpeg\" alt=\"\" class=\"wp-image-10190\" style=\"width:600px\" srcset=\"https:\/\/pug.hr\/gimnazija\/wp-content\/uploads\/2026\/04\/001-8-768x1024.jpeg 768w, https:\/\/pug.hr\/gimnazija\/wp-content\/uploads\/2026\/04\/001-8-225x300.jpeg 225w, https:\/\/pug.hr\/gimnazija\/wp-content\/uploads\/2026\/04\/001-8-1152x1536.jpeg 1152w, https:\/\/pug.hr\/gimnazija\/wp-content\/uploads\/2026\/04\/001-8-1218x1624.jpeg 1218w, https:\/\/pug.hr\/gimnazija\/wp-content\/uploads\/2026\/04\/001-8-880x1173.jpeg 880w, https:\/\/pug.hr\/gimnazija\/wp-content\/uploads\/2026\/04\/001-8-675x900.jpeg 675w, https:\/\/pug.hr\/gimnazija\/wp-content\/uploads\/2026\/04\/001-8-360x480.jpeg 360w, https:\/\/pug.hr\/gimnazija\/wp-content\/uploads\/2026\/04\/001-8.jpeg 1536w\" sizes=\"auto, (max-width: 768px) 100vw, 768px\" \/><\/a><\/figure>\n\n\n\n<p>Poslu\u017eili smo se isku\u0161anim dadaisti\u010dkim receptom pjesnika Tristana Tzare, pa su u\u010denici na radionici kola\u017e-poezije nasumi\u010dno izvla\u010dili rije\u010di iz vre\u0107ice i od njih stvarali vlastite pjesni\u010dke cjeline.<\/p>\n\n\n\n<figure class=\"wp-block-image size-large is-resized\"><a href=\"https:\/\/pug.hr\/gimnazija\/wp-content\/uploads\/2026\/04\/002-7.jpeg\"><img loading=\"lazy\" decoding=\"async\" width=\"768\" height=\"1024\" src=\"https:\/\/pug.hr\/gimnazija\/wp-content\/uploads\/2026\/04\/002-7-768x1024.jpeg\" alt=\"\" class=\"wp-image-10191\" style=\"width:600px\" srcset=\"https:\/\/pug.hr\/gimnazija\/wp-content\/uploads\/2026\/04\/002-7-768x1024.jpeg 768w, https:\/\/pug.hr\/gimnazija\/wp-content\/uploads\/2026\/04\/002-7-225x300.jpeg 225w, https:\/\/pug.hr\/gimnazija\/wp-content\/uploads\/2026\/04\/002-7-1152x1536.jpeg 1152w, https:\/\/pug.hr\/gimnazija\/wp-content\/uploads\/2026\/04\/002-7-1218x1624.jpeg 1218w, https:\/\/pug.hr\/gimnazija\/wp-content\/uploads\/2026\/04\/002-7-880x1173.jpeg 880w, https:\/\/pug.hr\/gimnazija\/wp-content\/uploads\/2026\/04\/002-7-675x900.jpeg 675w, https:\/\/pug.hr\/gimnazija\/wp-content\/uploads\/2026\/04\/002-7-360x480.jpeg 360w, https:\/\/pug.hr\/gimnazija\/wp-content\/uploads\/2026\/04\/002-7.jpeg 1536w\" sizes=\"auto, (max-width: 768px) 100vw, 768px\" \/><\/a><\/figure>\n\n\n\n<p>Pjesma je pritom shva\u0107ena kao jedinstvo zna\u010denja, vizualnog izraza i jezika, pa su u\u010denici, osim rije\u010dima, svoje ideje oblikovali i bojama, rasporedom teksta i razli\u010ditim likovnim elementima. <\/p>\n\n\n\n<figure class=\"wp-block-image size-large is-resized\"><a href=\"https:\/\/pug.hr\/gimnazija\/wp-content\/uploads\/2026\/04\/003-7.jpeg\"><img loading=\"lazy\" decoding=\"async\" width=\"768\" height=\"1024\" src=\"https:\/\/pug.hr\/gimnazija\/wp-content\/uploads\/2026\/04\/003-7-768x1024.jpeg\" alt=\"\" class=\"wp-image-10192\" style=\"width:600px\" srcset=\"https:\/\/pug.hr\/gimnazija\/wp-content\/uploads\/2026\/04\/003-7-768x1024.jpeg 768w, https:\/\/pug.hr\/gimnazija\/wp-content\/uploads\/2026\/04\/003-7-225x300.jpeg 225w, https:\/\/pug.hr\/gimnazija\/wp-content\/uploads\/2026\/04\/003-7-1152x1536.jpeg 1152w, https:\/\/pug.hr\/gimnazija\/wp-content\/uploads\/2026\/04\/003-7-1218x1624.jpeg 1218w, https:\/\/pug.hr\/gimnazija\/wp-content\/uploads\/2026\/04\/003-7-880x1173.jpeg 880w, https:\/\/pug.hr\/gimnazija\/wp-content\/uploads\/2026\/04\/003-7-675x900.jpeg 675w, https:\/\/pug.hr\/gimnazija\/wp-content\/uploads\/2026\/04\/003-7-360x480.jpeg 360w, https:\/\/pug.hr\/gimnazija\/wp-content\/uploads\/2026\/04\/003-7.jpeg 1536w\" sizes=\"auto, (max-width: 768px) 100vw, 768px\" \/><\/a><\/figure>\n\n\n\n<figure class=\"wp-block-image size-large is-resized\"><a href=\"https:\/\/pug.hr\/gimnazija\/wp-content\/uploads\/2026\/04\/004-5.jpeg\"><img loading=\"lazy\" decoding=\"async\" width=\"768\" height=\"1024\" src=\"https:\/\/pug.hr\/gimnazija\/wp-content\/uploads\/2026\/04\/004-5-768x1024.jpeg\" alt=\"\" class=\"wp-image-10193\" style=\"width:600px\" srcset=\"https:\/\/pug.hr\/gimnazija\/wp-content\/uploads\/2026\/04\/004-5-768x1024.jpeg 768w, https:\/\/pug.hr\/gimnazija\/wp-content\/uploads\/2026\/04\/004-5-225x300.jpeg 225w, https:\/\/pug.hr\/gimnazija\/wp-content\/uploads\/2026\/04\/004-5-1152x1536.jpeg 1152w, https:\/\/pug.hr\/gimnazija\/wp-content\/uploads\/2026\/04\/004-5-1218x1624.jpeg 1218w, https:\/\/pug.hr\/gimnazija\/wp-content\/uploads\/2026\/04\/004-5-880x1173.jpeg 880w, https:\/\/pug.hr\/gimnazija\/wp-content\/uploads\/2026\/04\/004-5-675x900.jpeg 675w, https:\/\/pug.hr\/gimnazija\/wp-content\/uploads\/2026\/04\/004-5-360x480.jpeg 360w, https:\/\/pug.hr\/gimnazija\/wp-content\/uploads\/2026\/04\/004-5.jpeg 1536w\" sizes=\"auto, (max-width: 768px) 100vw, 768px\" \/><\/a><\/figure>\n\n\n\n<figure class=\"wp-block-image size-large is-resized\"><a href=\"https:\/\/pug.hr\/gimnazija\/wp-content\/uploads\/2026\/04\/005-2.jpeg\"><img loading=\"lazy\" decoding=\"async\" width=\"768\" height=\"1024\" src=\"https:\/\/pug.hr\/gimnazija\/wp-content\/uploads\/2026\/04\/005-2-768x1024.jpeg\" alt=\"\" class=\"wp-image-10194\" style=\"width:600px\" srcset=\"https:\/\/pug.hr\/gimnazija\/wp-content\/uploads\/2026\/04\/005-2-768x1024.jpeg 768w, https:\/\/pug.hr\/gimnazija\/wp-content\/uploads\/2026\/04\/005-2-225x300.jpeg 225w, https:\/\/pug.hr\/gimnazija\/wp-content\/uploads\/2026\/04\/005-2-1152x1536.jpeg 1152w, https:\/\/pug.hr\/gimnazija\/wp-content\/uploads\/2026\/04\/005-2-1218x1624.jpeg 1218w, https:\/\/pug.hr\/gimnazija\/wp-content\/uploads\/2026\/04\/005-2-880x1173.jpeg 880w, https:\/\/pug.hr\/gimnazija\/wp-content\/uploads\/2026\/04\/005-2-675x900.jpeg 675w, https:\/\/pug.hr\/gimnazija\/wp-content\/uploads\/2026\/04\/005-2-360x480.jpeg 360w, https:\/\/pug.hr\/gimnazija\/wp-content\/uploads\/2026\/04\/005-2.jpeg 1536w\" sizes=\"auto, (max-width: 768px) 100vw, 768px\" \/><\/a><\/figure>\n\n\n\n<figure class=\"wp-block-image size-large is-resized\"><a href=\"https:\/\/pug.hr\/gimnazija\/wp-content\/uploads\/2026\/04\/006-1.jpeg\"><img loading=\"lazy\" decoding=\"async\" width=\"768\" height=\"1024\" src=\"https:\/\/pug.hr\/gimnazija\/wp-content\/uploads\/2026\/04\/006-1-768x1024.jpeg\" alt=\"\" class=\"wp-image-10195\" style=\"width:600px\" srcset=\"https:\/\/pug.hr\/gimnazija\/wp-content\/uploads\/2026\/04\/006-1-768x1024.jpeg 768w, https:\/\/pug.hr\/gimnazija\/wp-content\/uploads\/2026\/04\/006-1-225x300.jpeg 225w, https:\/\/pug.hr\/gimnazija\/wp-content\/uploads\/2026\/04\/006-1-1152x1536.jpeg 1152w, https:\/\/pug.hr\/gimnazija\/wp-content\/uploads\/2026\/04\/006-1-1218x1624.jpeg 1218w, https:\/\/pug.hr\/gimnazija\/wp-content\/uploads\/2026\/04\/006-1-880x1173.jpeg 880w, https:\/\/pug.hr\/gimnazija\/wp-content\/uploads\/2026\/04\/006-1-675x900.jpeg 675w, https:\/\/pug.hr\/gimnazija\/wp-content\/uploads\/2026\/04\/006-1-360x480.jpeg 360w, https:\/\/pug.hr\/gimnazija\/wp-content\/uploads\/2026\/04\/006-1.jpeg 1536w\" sizes=\"auto, (max-width: 768px) 100vw, 768px\" \/><\/a><\/figure>\n\n\n\n<figure class=\"wp-block-image size-large is-resized\"><a href=\"https:\/\/pug.hr\/gimnazija\/wp-content\/uploads\/2026\/04\/007-1.jpeg\"><img loading=\"lazy\" decoding=\"async\" width=\"768\" height=\"1024\" src=\"https:\/\/pug.hr\/gimnazija\/wp-content\/uploads\/2026\/04\/007-1-768x1024.jpeg\" alt=\"\" class=\"wp-image-10196\" style=\"width:600px\" srcset=\"https:\/\/pug.hr\/gimnazija\/wp-content\/uploads\/2026\/04\/007-1-768x1024.jpeg 768w, https:\/\/pug.hr\/gimnazija\/wp-content\/uploads\/2026\/04\/007-1-225x300.jpeg 225w, https:\/\/pug.hr\/gimnazija\/wp-content\/uploads\/2026\/04\/007-1-1152x1536.jpeg 1152w, https:\/\/pug.hr\/gimnazija\/wp-content\/uploads\/2026\/04\/007-1-1218x1624.jpeg 1218w, https:\/\/pug.hr\/gimnazija\/wp-content\/uploads\/2026\/04\/007-1-880x1173.jpeg 880w, https:\/\/pug.hr\/gimnazija\/wp-content\/uploads\/2026\/04\/007-1-675x900.jpeg 675w, https:\/\/pug.hr\/gimnazija\/wp-content\/uploads\/2026\/04\/007-1-360x480.jpeg 360w, https:\/\/pug.hr\/gimnazija\/wp-content\/uploads\/2026\/04\/007-1.jpeg 1536w\" sizes=\"auto, (max-width: 768px) 100vw, 768px\" \/><\/a><\/figure>\n\n\n\n<figure class=\"wp-block-image size-large is-resized\"><a href=\"https:\/\/pug.hr\/gimnazija\/wp-content\/uploads\/2026\/04\/008-1.jpeg\"><img loading=\"lazy\" decoding=\"async\" width=\"768\" height=\"1024\" src=\"https:\/\/pug.hr\/gimnazija\/wp-content\/uploads\/2026\/04\/008-1-768x1024.jpeg\" alt=\"\" class=\"wp-image-10197\" style=\"width:600px\" srcset=\"https:\/\/pug.hr\/gimnazija\/wp-content\/uploads\/2026\/04\/008-1-768x1024.jpeg 768w, https:\/\/pug.hr\/gimnazija\/wp-content\/uploads\/2026\/04\/008-1-225x300.jpeg 225w, https:\/\/pug.hr\/gimnazija\/wp-content\/uploads\/2026\/04\/008-1-1152x1536.jpeg 1152w, https:\/\/pug.hr\/gimnazija\/wp-content\/uploads\/2026\/04\/008-1-1218x1624.jpeg 1218w, https:\/\/pug.hr\/gimnazija\/wp-content\/uploads\/2026\/04\/008-1-880x1173.jpeg 880w, https:\/\/pug.hr\/gimnazija\/wp-content\/uploads\/2026\/04\/008-1-675x900.jpeg 675w, https:\/\/pug.hr\/gimnazija\/wp-content\/uploads\/2026\/04\/008-1-360x480.jpeg 360w, https:\/\/pug.hr\/gimnazija\/wp-content\/uploads\/2026\/04\/008-1.jpeg 1536w\" sizes=\"auto, (max-width: 768px) 100vw, 768px\" \/><\/a><\/figure>\n\n\n\n<figure class=\"wp-block-image size-large is-resized\"><a href=\"https:\/\/pug.hr\/gimnazija\/wp-content\/uploads\/2026\/04\/009.jpeg\"><img loading=\"lazy\" decoding=\"async\" width=\"768\" height=\"1024\" src=\"https:\/\/pug.hr\/gimnazija\/wp-content\/uploads\/2026\/04\/009-768x1024.jpeg\" alt=\"\" class=\"wp-image-10198\" style=\"width:600px\" srcset=\"https:\/\/pug.hr\/gimnazija\/wp-content\/uploads\/2026\/04\/009-768x1024.jpeg 768w, https:\/\/pug.hr\/gimnazija\/wp-content\/uploads\/2026\/04\/009-225x300.jpeg 225w, https:\/\/pug.hr\/gimnazija\/wp-content\/uploads\/2026\/04\/009-1152x1536.jpeg 1152w, https:\/\/pug.hr\/gimnazija\/wp-content\/uploads\/2026\/04\/009-1218x1624.jpeg 1218w, https:\/\/pug.hr\/gimnazija\/wp-content\/uploads\/2026\/04\/009-880x1173.jpeg 880w, https:\/\/pug.hr\/gimnazija\/wp-content\/uploads\/2026\/04\/009-675x900.jpeg 675w, https:\/\/pug.hr\/gimnazija\/wp-content\/uploads\/2026\/04\/009-360x480.jpeg 360w, https:\/\/pug.hr\/gimnazija\/wp-content\/uploads\/2026\/04\/009.jpeg 1536w\" sizes=\"auto, (max-width: 768px) 100vw, 768px\" \/><\/a><\/figure>\n\n\n\n<p>Na taj su na\u010din istra\u017eivali kako poezija mo\u017ee biti i vizualno iskustvo, a ne samo niz stihova.<\/p>\n\n\n\n<figure class=\"wp-block-image size-large is-resized\"><a href=\"https:\/\/pug.hr\/gimnazija\/wp-content\/uploads\/2026\/04\/100.jpeg\"><img loading=\"lazy\" decoding=\"async\" width=\"720\" height=\"1024\" src=\"https:\/\/pug.hr\/gimnazija\/wp-content\/uploads\/2026\/04\/100-720x1024.jpeg\" alt=\"\" class=\"wp-image-10199\" style=\"width:600px\" srcset=\"https:\/\/pug.hr\/gimnazija\/wp-content\/uploads\/2026\/04\/100-720x1024.jpeg 720w, https:\/\/pug.hr\/gimnazija\/wp-content\/uploads\/2026\/04\/100-211x300.jpeg 211w, https:\/\/pug.hr\/gimnazija\/wp-content\/uploads\/2026\/04\/100-768x1093.jpeg 768w, https:\/\/pug.hr\/gimnazija\/wp-content\/uploads\/2026\/04\/100-1080x1536.jpeg 1080w, https:\/\/pug.hr\/gimnazija\/wp-content\/uploads\/2026\/04\/100-1218x1733.jpeg 1218w, https:\/\/pug.hr\/gimnazija\/wp-content\/uploads\/2026\/04\/100-880x1252.jpeg 880w, https:\/\/pug.hr\/gimnazija\/wp-content\/uploads\/2026\/04\/100-675x960.jpeg 675w, https:\/\/pug.hr\/gimnazija\/wp-content\/uploads\/2026\/04\/100-360x512.jpeg 360w, https:\/\/pug.hr\/gimnazija\/wp-content\/uploads\/2026\/04\/100.jpeg 1308w\" sizes=\"auto, (max-width: 720px) 100vw, 720px\" \/><\/a><\/figure>\n\n\n\n<figure class=\"wp-block-image size-large is-resized\"><a href=\"https:\/\/pug.hr\/gimnazija\/wp-content\/uploads\/2026\/04\/101.jpeg\"><img loading=\"lazy\" decoding=\"async\" width=\"743\" height=\"1024\" src=\"https:\/\/pug.hr\/gimnazija\/wp-content\/uploads\/2026\/04\/101-743x1024.jpeg\" alt=\"\" class=\"wp-image-10200\" style=\"width:600px\" srcset=\"https:\/\/pug.hr\/gimnazija\/wp-content\/uploads\/2026\/04\/101-743x1024.jpeg 743w, https:\/\/pug.hr\/gimnazija\/wp-content\/uploads\/2026\/04\/101-218x300.jpeg 218w, https:\/\/pug.hr\/gimnazija\/wp-content\/uploads\/2026\/04\/101-768x1058.jpeg 768w, https:\/\/pug.hr\/gimnazija\/wp-content\/uploads\/2026\/04\/101-1115x1536.jpeg 1115w, https:\/\/pug.hr\/gimnazija\/wp-content\/uploads\/2026\/04\/101-1218x1679.jpeg 1218w, https:\/\/pug.hr\/gimnazija\/wp-content\/uploads\/2026\/04\/101-880x1213.jpeg 880w, https:\/\/pug.hr\/gimnazija\/wp-content\/uploads\/2026\/04\/101-675x930.jpeg 675w, https:\/\/pug.hr\/gimnazija\/wp-content\/uploads\/2026\/04\/101-360x496.jpeg 360w, https:\/\/pug.hr\/gimnazija\/wp-content\/uploads\/2026\/04\/101.jpeg 1399w\" sizes=\"auto, (max-width: 743px) 100vw, 743px\" \/><\/a><\/figure>\n\n\n\n<figure class=\"wp-block-image size-large is-resized\"><a href=\"https:\/\/pug.hr\/gimnazija\/wp-content\/uploads\/2026\/04\/102.jpeg\"><img loading=\"lazy\" decoding=\"async\" width=\"708\" height=\"1024\" src=\"https:\/\/pug.hr\/gimnazija\/wp-content\/uploads\/2026\/04\/102-708x1024.jpeg\" alt=\"\" class=\"wp-image-10201\" style=\"width:600px\" srcset=\"https:\/\/pug.hr\/gimnazija\/wp-content\/uploads\/2026\/04\/102-708x1024.jpeg 708w, https:\/\/pug.hr\/gimnazija\/wp-content\/uploads\/2026\/04\/102-207x300.jpeg 207w, https:\/\/pug.hr\/gimnazija\/wp-content\/uploads\/2026\/04\/102-768x1111.jpeg 768w, https:\/\/pug.hr\/gimnazija\/wp-content\/uploads\/2026\/04\/102-1062x1536.jpeg 1062w, https:\/\/pug.hr\/gimnazija\/wp-content\/uploads\/2026\/04\/102-1218x1761.jpeg 1218w, https:\/\/pug.hr\/gimnazija\/wp-content\/uploads\/2026\/04\/102-880x1273.jpeg 880w, https:\/\/pug.hr\/gimnazija\/wp-content\/uploads\/2026\/04\/102-675x976.jpeg 675w, https:\/\/pug.hr\/gimnazija\/wp-content\/uploads\/2026\/04\/102-360x521.jpeg 360w, https:\/\/pug.hr\/gimnazija\/wp-content\/uploads\/2026\/04\/102.jpeg 1235w\" sizes=\"auto, (max-width: 708px) 100vw, 708px\" \/><\/a><\/figure>\n\n\n\n<figure class=\"wp-block-image size-large is-resized\"><a href=\"https:\/\/pug.hr\/gimnazija\/wp-content\/uploads\/2026\/04\/103.jpeg\"><img loading=\"lazy\" decoding=\"async\" width=\"774\" height=\"1024\" src=\"https:\/\/pug.hr\/gimnazija\/wp-content\/uploads\/2026\/04\/103-774x1024.jpeg\" alt=\"\" class=\"wp-image-10202\" style=\"width:600px\" srcset=\"https:\/\/pug.hr\/gimnazija\/wp-content\/uploads\/2026\/04\/103-774x1024.jpeg 774w, https:\/\/pug.hr\/gimnazija\/wp-content\/uploads\/2026\/04\/103-227x300.jpeg 227w, https:\/\/pug.hr\/gimnazija\/wp-content\/uploads\/2026\/04\/103-768x1017.jpeg 768w, https:\/\/pug.hr\/gimnazija\/wp-content\/uploads\/2026\/04\/103-880x1165.jpeg 880w, https:\/\/pug.hr\/gimnazija\/wp-content\/uploads\/2026\/04\/103-675x894.jpeg 675w, https:\/\/pug.hr\/gimnazija\/wp-content\/uploads\/2026\/04\/103-360x477.jpeg 360w, https:\/\/pug.hr\/gimnazija\/wp-content\/uploads\/2026\/04\/103.jpeg 1121w\" sizes=\"auto, (max-width: 774px) 100vw, 774px\" \/><\/a><\/figure>\n\n\n\n<figure class=\"wp-block-image size-large is-resized\"><a href=\"https:\/\/pug.hr\/gimnazija\/wp-content\/uploads\/2026\/04\/104.jpeg\"><img loading=\"lazy\" decoding=\"async\" width=\"768\" height=\"1024\" src=\"https:\/\/pug.hr\/gimnazija\/wp-content\/uploads\/2026\/04\/104-768x1024.jpeg\" alt=\"\" class=\"wp-image-10203\" style=\"width:600px\" srcset=\"https:\/\/pug.hr\/gimnazija\/wp-content\/uploads\/2026\/04\/104-768x1024.jpeg 768w, https:\/\/pug.hr\/gimnazija\/wp-content\/uploads\/2026\/04\/104-225x300.jpeg 225w, https:\/\/pug.hr\/gimnazija\/wp-content\/uploads\/2026\/04\/104-1152x1536.jpeg 1152w, https:\/\/pug.hr\/gimnazija\/wp-content\/uploads\/2026\/04\/104-880x1173.jpeg 880w, https:\/\/pug.hr\/gimnazija\/wp-content\/uploads\/2026\/04\/104-675x900.jpeg 675w, https:\/\/pug.hr\/gimnazija\/wp-content\/uploads\/2026\/04\/104-360x480.jpeg 360w, https:\/\/pug.hr\/gimnazija\/wp-content\/uploads\/2026\/04\/104.jpeg 1200w\" sizes=\"auto, (max-width: 768px) 100vw, 768px\" \/><\/a><\/figure>\n\n\n\n<p>Radionica je potaknula ma\u0161tovitost, slobodno izra\u017eavanje i druga\u010diji pogled na poeziju, a u\u010dionica se pretvorila u pravi mali laboratorij kreativnosti.<\/p>\n\n\n\n<figure class=\"wp-block-image size-large is-resized\"><a href=\"https:\/\/pug.hr\/gimnazija\/wp-content\/uploads\/2026\/04\/105.jpeg\"><img loading=\"lazy\" decoding=\"async\" width=\"768\" height=\"1024\" src=\"https:\/\/pug.hr\/gimnazija\/wp-content\/uploads\/2026\/04\/105-768x1024.jpeg\" alt=\"\" class=\"wp-image-10204\" style=\"width:600px\" srcset=\"https:\/\/pug.hr\/gimnazija\/wp-content\/uploads\/2026\/04\/105-768x1024.jpeg 768w, https:\/\/pug.hr\/gimnazija\/wp-content\/uploads\/2026\/04\/105-225x300.jpeg 225w, https:\/\/pug.hr\/gimnazija\/wp-content\/uploads\/2026\/04\/105-1152x1536.jpeg 1152w, https:\/\/pug.hr\/gimnazija\/wp-content\/uploads\/2026\/04\/105-880x1173.jpeg 880w, https:\/\/pug.hr\/gimnazija\/wp-content\/uploads\/2026\/04\/105-675x900.jpeg 675w, https:\/\/pug.hr\/gimnazija\/wp-content\/uploads\/2026\/04\/105-360x480.jpeg 360w, https:\/\/pug.hr\/gimnazija\/wp-content\/uploads\/2026\/04\/105.jpeg 1200w\" sizes=\"auto, (max-width: 768px) 100vw, 768px\" \/><\/a><\/figure>\n\n\n\n<figure class=\"wp-block-image size-large is-resized\"><a href=\"https:\/\/pug.hr\/gimnazija\/wp-content\/uploads\/2026\/04\/106.jpeg\"><img loading=\"lazy\" decoding=\"async\" width=\"1024\" height=\"745\" src=\"https:\/\/pug.hr\/gimnazija\/wp-content\/uploads\/2026\/04\/106-1024x745.jpeg\" alt=\"\" class=\"wp-image-10205\" style=\"width:600px\" srcset=\"https:\/\/pug.hr\/gimnazija\/wp-content\/uploads\/2026\/04\/106-1024x745.jpeg 1024w, https:\/\/pug.hr\/gimnazija\/wp-content\/uploads\/2026\/04\/106-300x218.jpeg 300w, https:\/\/pug.hr\/gimnazija\/wp-content\/uploads\/2026\/04\/106-768x559.jpeg 768w, https:\/\/pug.hr\/gimnazija\/wp-content\/uploads\/2026\/04\/106-1218x886.jpeg 1218w, https:\/\/pug.hr\/gimnazija\/wp-content\/uploads\/2026\/04\/106-880x640.jpeg 880w, https:\/\/pug.hr\/gimnazija\/wp-content\/uploads\/2026\/04\/106-675x491.jpeg 675w, https:\/\/pug.hr\/gimnazija\/wp-content\/uploads\/2026\/04\/106-360x262.jpeg 360w, https:\/\/pug.hr\/gimnazija\/wp-content\/uploads\/2026\/04\/106.jpeg 1391w\" sizes=\"auto, (max-width: 1024px) 100vw, 1024px\" \/><\/a><\/figure>\n\n\n\n<figure class=\"wp-block-image size-large is-resized\"><a href=\"https:\/\/pug.hr\/gimnazija\/wp-content\/uploads\/2026\/04\/107.jpeg\"><img loading=\"lazy\" decoding=\"async\" width=\"749\" height=\"1024\" src=\"https:\/\/pug.hr\/gimnazija\/wp-content\/uploads\/2026\/04\/107-749x1024.jpeg\" alt=\"\" class=\"wp-image-10206\" style=\"width:600px\" srcset=\"https:\/\/pug.hr\/gimnazija\/wp-content\/uploads\/2026\/04\/107-749x1024.jpeg 749w, https:\/\/pug.hr\/gimnazija\/wp-content\/uploads\/2026\/04\/107-220x300.jpeg 220w, https:\/\/pug.hr\/gimnazija\/wp-content\/uploads\/2026\/04\/107-768x1050.jpeg 768w, https:\/\/pug.hr\/gimnazija\/wp-content\/uploads\/2026\/04\/107-880x1203.jpeg 880w, https:\/\/pug.hr\/gimnazija\/wp-content\/uploads\/2026\/04\/107-675x922.jpeg 675w, https:\/\/pug.hr\/gimnazija\/wp-content\/uploads\/2026\/04\/107-360x492.jpeg 360w, https:\/\/pug.hr\/gimnazija\/wp-content\/uploads\/2026\/04\/107.jpeg 1064w\" sizes=\"auto, (max-width: 749px) 100vw, 749px\" \/><\/a><\/figure>\n","protected":false},"excerpt":{"rendered":"<p>Svjetski dan poezije obilje\u017eili smo kreativnom radionicom \u201ePoetski laboratorij\u201c. Poslu\u017eili smo se isku\u0161anim&#8230;<\/p>\n","protected":false},"author":1,"featured_media":10199,"comment_status":"closed","ping_status":"open","sticky":false,"template":"","format":"standard","meta":{"ngg_post_thumbnail":0,"jetpack_post_was_ever_published":false,"_jetpack_newsletter_access":"","_jetpack_dont_email_post_to_subs":false,"_jetpack_newsletter_tier_id":0,"_jetpack_memberships_contains_paywalled_content":false,"_jetpack_memberships_contains_paid_content":false,"footnotes":"","jetpack_publicize_message":"","jetpack_publicize_feature_enabled":true,"jetpack_social_post_already_shared":true,"jetpack_social_options":{"image_generator_settings":{"template":"highway","enabled":false},"version":2}},"categories":[1],"tags":[],"class_list":["post-10189","post","type-post","status-publish","format-standard","has-post-thumbnail","hentry","category-uncategorized","wpcat-1-id"],"jetpack_publicize_connections":[],"jetpack_featured_media_url":"https:\/\/pug.hr\/gimnazija\/wp-content\/uploads\/2026\/04\/100.jpeg","jetpack_sharing_enabled":true,"jetpack_shortlink":"https:\/\/wp.me\/p2cktY-2El","_links":{"self":[{"href":"https:\/\/pug.hr\/gimnazija\/wp-json\/wp\/v2\/posts\/10189","targetHints":{"allow":["GET"]}}],"collection":[{"href":"https:\/\/pug.hr\/gimnazija\/wp-json\/wp\/v2\/posts"}],"about":[{"href":"https:\/\/pug.hr\/gimnazija\/wp-json\/wp\/v2\/types\/post"}],"author":[{"embeddable":true,"href":"https:\/\/pug.hr\/gimnazija\/wp-json\/wp\/v2\/users\/1"}],"replies":[{"embeddable":true,"href":"https:\/\/pug.hr\/gimnazija\/wp-json\/wp\/v2\/comments?post=10189"}],"version-history":[{"count":1,"href":"https:\/\/pug.hr\/gimnazija\/wp-json\/wp\/v2\/posts\/10189\/revisions"}],"predecessor-version":[{"id":10207,"href":"https:\/\/pug.hr\/gimnazija\/wp-json\/wp\/v2\/posts\/10189\/revisions\/10207"}],"wp:featuredmedia":[{"embeddable":true,"href":"https:\/\/pug.hr\/gimnazija\/wp-json\/wp\/v2\/media\/10199"}],"wp:attachment":[{"href":"https:\/\/pug.hr\/gimnazija\/wp-json\/wp\/v2\/media?parent=10189"}],"wp:term":[{"taxonomy":"category","embeddable":true,"href":"https:\/\/pug.hr\/gimnazija\/wp-json\/wp\/v2\/categories?post=10189"},{"taxonomy":"post_tag","embeddable":true,"href":"https:\/\/pug.hr\/gimnazija\/wp-json\/wp\/v2\/tags?post=10189"}],"curies":[{"name":"wp","href":"https:\/\/api.w.org\/{rel}","templated":true}]}}