{"id":10184,"date":"2026-04-25T08:42:00","date_gmt":"2026-04-25T06:42:00","guid":{"rendered":"https:\/\/pug.hr\/gimnazija\/?p=10184"},"modified":"2026-04-17T20:58:56","modified_gmt":"2026-04-17T18:58:56","slug":"pugled-u-znanost-energetika","status":"publish","type":"post","link":"https:\/\/pug.hr\/gimnazija\/pugled-u-znanost-energetika\/","title":{"rendered":"PUGled u znanost &#8211; energetika"},"content":{"rendered":"\n<p>Ovoga tjedna u sklopu na\u0161eg projekta &#8220;PUGled u znanost&#8221; posjetila nas je profesorica Petra Miljan s Fakulteta elektrotehnike i ra\u010dunarstva te nas uvela u fascinatan svijet energetike.<br>Tijekom 60 minuta predavanja na temu \u201e<strong>Zelena energetska tranzicija<\/strong>\u201d osvijestila je va\u017enost uporabe obnovljivih energetskih izvora. <\/p>\n\n\n\n<figure class=\"wp-block-image size-large is-resized\"><a href=\"https:\/\/pug.hr\/gimnazija\/wp-content\/uploads\/2026\/04\/003-6.jpeg\"><img loading=\"lazy\" decoding=\"async\" width=\"1024\" height=\"768\" src=\"https:\/\/pug.hr\/gimnazija\/wp-content\/uploads\/2026\/04\/003-6-1024x768.jpeg\" alt=\"\" class=\"wp-image-10185\" style=\"width:600px\" srcset=\"https:\/\/pug.hr\/gimnazija\/wp-content\/uploads\/2026\/04\/003-6-1024x768.jpeg 1024w, https:\/\/pug.hr\/gimnazija\/wp-content\/uploads\/2026\/04\/003-6-300x225.jpeg 300w, https:\/\/pug.hr\/gimnazija\/wp-content\/uploads\/2026\/04\/003-6-768x576.jpeg 768w, https:\/\/pug.hr\/gimnazija\/wp-content\/uploads\/2026\/04\/003-6-1536x1152.jpeg 1536w, https:\/\/pug.hr\/gimnazija\/wp-content\/uploads\/2026\/04\/003-6-1218x914.jpeg 1218w, https:\/\/pug.hr\/gimnazija\/wp-content\/uploads\/2026\/04\/003-6-880x660.jpeg 880w, https:\/\/pug.hr\/gimnazija\/wp-content\/uploads\/2026\/04\/003-6-675x506.jpeg 675w, https:\/\/pug.hr\/gimnazija\/wp-content\/uploads\/2026\/04\/003-6-360x270.jpeg 360w, https:\/\/pug.hr\/gimnazija\/wp-content\/uploads\/2026\/04\/003-6.jpeg 1600w\" sizes=\"auto, (max-width: 1024px) 100vw, 1024px\" \/><\/a><\/figure>\n\n\n\n<p>U prvom dijelu predavanja osvrnula se na \u010dimbenike koji utje\u010du na zagrijavanje na\u0161eg planeta te upozorila na mogu\u0107e posljedice tog zagrijavanja, poput rasta razine mora koje \u0107e do kraja stolje\u0107a pogoditi vi\u0161e stotina milijuna ljudi. U\u010denici su bili upoznati s ciljevima paketa klimatskih promjena za 2020. godinu koje je Hrvatska uspjela ostvariti. <\/p>\n\n\n\n<p>Tako\u0111er, predstavljen je i \u201e<strong>Europski zeleni plan<\/strong>\u201d \u010diji je glavni cilj smanjenje emisija stakleni\u010dkih plinova za 55 % do 2030. godine. Na kraju predavanja prikazane su mogu\u0107nosti dobivanja energije iz obnovljivih izvora poput solarnih panela i vjetroelektrana. <\/p>\n\n\n\n<figure class=\"wp-block-image size-large is-resized\"><a href=\"https:\/\/pug.hr\/gimnazija\/wp-content\/uploads\/2026\/04\/002-6.jpeg\"><img loading=\"lazy\" decoding=\"async\" width=\"1024\" height=\"792\" src=\"https:\/\/pug.hr\/gimnazija\/wp-content\/uploads\/2026\/04\/002-6-1024x792.jpeg\" alt=\"\" class=\"wp-image-10186\" style=\"width:600px\" srcset=\"https:\/\/pug.hr\/gimnazija\/wp-content\/uploads\/2026\/04\/002-6-1024x792.jpeg 1024w, https:\/\/pug.hr\/gimnazija\/wp-content\/uploads\/2026\/04\/002-6-300x232.jpeg 300w, https:\/\/pug.hr\/gimnazija\/wp-content\/uploads\/2026\/04\/002-6-768x594.jpeg 768w, https:\/\/pug.hr\/gimnazija\/wp-content\/uploads\/2026\/04\/002-6-1218x942.jpeg 1218w, https:\/\/pug.hr\/gimnazija\/wp-content\/uploads\/2026\/04\/002-6-880x681.jpeg 880w, https:\/\/pug.hr\/gimnazija\/wp-content\/uploads\/2026\/04\/002-6-675x522.jpeg 675w, https:\/\/pug.hr\/gimnazija\/wp-content\/uploads\/2026\/04\/002-6-360x279.jpeg 360w, https:\/\/pug.hr\/gimnazija\/wp-content\/uploads\/2026\/04\/002-6.jpeg 1264w\" sizes=\"auto, (max-width: 1024px) 100vw, 1024px\" \/><\/a><\/figure>\n\n\n\n<p>Profesori\u010dino predavanje bilo je izrazito pou\u010dno, ali je ujedno i bolan podsjetnik na sve \u0161to \u010dinimo na\u0161em planetu. Kako bi na\u0161 dom ostao onima koji dolaze iza nas, svi bismo trebali vi\u0161e ulo\u017eiti truda u o\u010duvanje istog, pa makar to bile najmanje promjene. <\/p>\n\n\n\n<p>Tijekom predavanja profesorica Miljan upoznala nas je i s Fakultetom elektrotehnike i ra\u010dunarstva. U\u010denicima tre\u0107eg razreda predstavljeni su studijski programi, kao i projekti na kojima studenti i osoblje rade. Bili smo impresionirani posve\u0107enosti fakulteta studentima, ali i njihovim postignu\u0107ima. <\/p>\n\n\n\n<figure class=\"wp-block-image size-large is-resized\"><a href=\"https:\/\/pug.hr\/gimnazija\/wp-content\/uploads\/2026\/04\/001-7.jpeg\"><img loading=\"lazy\" decoding=\"async\" width=\"1024\" height=\"768\" src=\"https:\/\/pug.hr\/gimnazija\/wp-content\/uploads\/2026\/04\/001-7-1024x768.jpeg\" alt=\"\" class=\"wp-image-10187\" style=\"width:600px\" srcset=\"https:\/\/pug.hr\/gimnazija\/wp-content\/uploads\/2026\/04\/001-7-1024x768.jpeg 1024w, https:\/\/pug.hr\/gimnazija\/wp-content\/uploads\/2026\/04\/001-7-300x225.jpeg 300w, https:\/\/pug.hr\/gimnazija\/wp-content\/uploads\/2026\/04\/001-7-768x576.jpeg 768w, https:\/\/pug.hr\/gimnazija\/wp-content\/uploads\/2026\/04\/001-7-1536x1152.jpeg 1536w, https:\/\/pug.hr\/gimnazija\/wp-content\/uploads\/2026\/04\/001-7-1218x914.jpeg 1218w, https:\/\/pug.hr\/gimnazija\/wp-content\/uploads\/2026\/04\/001-7-880x660.jpeg 880w, https:\/\/pug.hr\/gimnazija\/wp-content\/uploads\/2026\/04\/001-7-675x506.jpeg 675w, https:\/\/pug.hr\/gimnazija\/wp-content\/uploads\/2026\/04\/001-7-360x270.jpeg 360w, https:\/\/pug.hr\/gimnazija\/wp-content\/uploads\/2026\/04\/001-7.jpeg 1600w\" sizes=\"auto, (max-width: 1024px) 100vw, 1024px\" \/><\/a><\/figure>\n\n\n\n<p>Profesorica je dala mnogobrojne dragocjene savjete budu\u0107im maturantima i navela da je u \u017eivotu najva\u017enije studirati ono \u0161to voli\u0161 i \u0161to smatra\u0161 ne samo svojim poslom, nego i pozivom. Profesorica Miljan primjer je kako visoka motivacija i ljubav prema pozivu kojim se osoba bavi, mo\u017ee iznjedriti velika postignu\u0107a.<\/p>\n\n\n\n<p>Nadamo se da je ovaj susret inspirirao nekoga od pugovaca koji \u0107e jednoga dana svojim radom biti na\u0161i heroji planeta.<\/p>\n","protected":false},"excerpt":{"rendered":"<p>Ovoga tjedna u sklopu na\u0161eg projekta &#8220;PUGled u znanost&#8221; posjetila nas je profesorica&#8230;<\/p>\n","protected":false},"author":1,"featured_media":10187,"comment_status":"closed","ping_status":"open","sticky":false,"template":"","format":"standard","meta":{"ngg_post_thumbnail":0,"jetpack_post_was_ever_published":false,"_jetpack_newsletter_access":"","_jetpack_dont_email_post_to_subs":false,"_jetpack_newsletter_tier_id":0,"_jetpack_memberships_contains_paywalled_content":false,"_jetpack_memberships_contains_paid_content":false,"footnotes":"","jetpack_publicize_message":"","jetpack_publicize_feature_enabled":true,"jetpack_social_post_already_shared":true,"jetpack_social_options":{"image_generator_settings":{"template":"highway","enabled":false},"version":2}},"categories":[1],"tags":[],"class_list":["post-10184","post","type-post","status-publish","format-standard","has-post-thumbnail","hentry","category-uncategorized","wpcat-1-id"],"jetpack_publicize_connections":[],"jetpack_featured_media_url":"https:\/\/pug.hr\/gimnazija\/wp-content\/uploads\/2026\/04\/001-7.jpeg","jetpack_sharing_enabled":true,"jetpack_shortlink":"https:\/\/wp.me\/p2cktY-2Eg","_links":{"self":[{"href":"https:\/\/pug.hr\/gimnazija\/wp-json\/wp\/v2\/posts\/10184","targetHints":{"allow":["GET"]}}],"collection":[{"href":"https:\/\/pug.hr\/gimnazija\/wp-json\/wp\/v2\/posts"}],"about":[{"href":"https:\/\/pug.hr\/gimnazija\/wp-json\/wp\/v2\/types\/post"}],"author":[{"embeddable":true,"href":"https:\/\/pug.hr\/gimnazija\/wp-json\/wp\/v2\/users\/1"}],"replies":[{"embeddable":true,"href":"https:\/\/pug.hr\/gimnazija\/wp-json\/wp\/v2\/comments?post=10184"}],"version-history":[{"count":1,"href":"https:\/\/pug.hr\/gimnazija\/wp-json\/wp\/v2\/posts\/10184\/revisions"}],"predecessor-version":[{"id":10188,"href":"https:\/\/pug.hr\/gimnazija\/wp-json\/wp\/v2\/posts\/10184\/revisions\/10188"}],"wp:featuredmedia":[{"embeddable":true,"href":"https:\/\/pug.hr\/gimnazija\/wp-json\/wp\/v2\/media\/10187"}],"wp:attachment":[{"href":"https:\/\/pug.hr\/gimnazija\/wp-json\/wp\/v2\/media?parent=10184"}],"wp:term":[{"taxonomy":"category","embeddable":true,"href":"https:\/\/pug.hr\/gimnazija\/wp-json\/wp\/v2\/categories?post=10184"},{"taxonomy":"post_tag","embeddable":true,"href":"https:\/\/pug.hr\/gimnazija\/wp-json\/wp\/v2\/tags?post=10184"}],"curies":[{"name":"wp","href":"https:\/\/api.w.org\/{rel}","templated":true}]}}